{"id":7074,"date":"2023-03-13T12:24:13","date_gmt":"2023-03-13T09:24:13","guid":{"rendered":"https:\/\/www.sgtd-terminal.com\/2023\/03\/13\/visite-du-ministre-des-transports-et-de-la-logistique-de-la-republique-federale-democratique-dethiopie\/"},"modified":"2023-03-13T12:24:13","modified_gmt":"2023-03-13T09:24:13","slug":"visite-du-ministre-des-transports-et-de-la-logistique-de-la-republique-federale-democratique-dethiopie","status":"publish","type":"post","link":"https:\/\/www.sgtd-terminal.com\/fr\/2023\/03\/13\/visite-du-ministre-des-transports-et-de-la-logistique-de-la-republique-federale-democratique-dethiopie\/","title":{"rendered":"Visite du Ministre des Transports et de la Logistique de la R\u00e9publique F\u00e9d\u00e9rale D\u00e9mocratique d&rsquo;Ethiopie"},"content":{"rendered":"\t\t<div data-elementor-type=\"wp-post\" data-elementor-id=\"7074\" class=\"elementor elementor-7074 elementor-7067\" data-elementor-post-type=\"post\">\n\t\t\t\t\t\t<section class=\"elementor-section elementor-top-section elementor-element elementor-element-9062c11 elementor-section-boxed elementor-section-height-default elementor-section-height-default\" data-id=\"9062c11\" data-element_type=\"section\" data-e-type=\"section\">\n\t\t\t\t\t\t<div class=\"elementor-container elementor-column-gap-default\">\n\t\t\t\t\t<div class=\"elementor-column elementor-col-100 elementor-top-column elementor-element elementor-element-116ed9d\" data-id=\"116ed9d\" data-element_type=\"column\" data-e-type=\"column\">\n\t\t\t<div class=\"elementor-widget-wrap elementor-element-populated\">\n\t\t\t\t\t\t<div class=\"elementor-element elementor-element-8383a53 elementor--h-position-center elementor--v-position-middle elementor-arrows-position-inside elementor-pagination-position-inside elementor-widget elementor-widget-slides\" data-id=\"8383a53\" data-element_type=\"widget\" data-e-type=\"widget\" data-settings=\"{&quot;navigation&quot;:&quot;both&quot;,&quot;autoplay&quot;:&quot;yes&quot;,&quot;pause_on_hover&quot;:&quot;yes&quot;,&quot;pause_on_interaction&quot;:&quot;yes&quot;,&quot;autoplay_speed&quot;:5000,&quot;infinite&quot;:&quot;yes&quot;,&quot;transition&quot;:&quot;slide&quot;,&quot;transition_speed&quot;:500}\" data-widget_type=\"slides.default\">\n\t\t\t\t<div class=\"elementor-widget-container\">\n\t\t\t\t\t\t\t\t\t<div class=\"elementor-swiper\">\n\t\t\t\t\t<div class=\"elementor-slides-wrapper elementor-main-swiper swiper\" role=\"region\" aria-roledescription=\"carousel\" aria-label=\"Diapositives\" dir=\"ltr\" data-animation=\"fadeInUp\">\n\t\t\t\t<div class=\"swiper-wrapper elementor-slides\">\n\t\t\t\t\t\t\t\t\t\t<div class=\"elementor-repeater-item-79190de swiper-slide\" role=\"group\" aria-roledescription=\"slide\"><div class=\"swiper-slide-bg elementor-ken-burns elementor-ken-burns--in\" role=\"img\" aria-label=\"WhatsApp Image 2023-03-13 at 12.00.22\"><\/div><div class=\"swiper-slide-inner\" ><div class=\"swiper-slide-contents\"><\/div><\/div><\/div><div class=\"elementor-repeater-item-2cbf89a swiper-slide\" role=\"group\" aria-roledescription=\"slide\"><div class=\"swiper-slide-bg elementor-ken-burns elementor-ken-burns--in\" role=\"img\" aria-label=\"WhatsApp Image 2023-03-13 at 12.00.22 (1)\"><\/div><div class=\"swiper-slide-inner\" ><div class=\"swiper-slide-contents\"><\/div><\/div><\/div><div class=\"elementor-repeater-item-a12f33e swiper-slide\" role=\"group\" aria-roledescription=\"slide\"><div class=\"swiper-slide-bg elementor-ken-burns elementor-ken-burns--in\" role=\"img\" aria-label=\"WhatsApp Image 2023-03-13 at 12.00.22 (2)\"><\/div><div class=\"swiper-slide-inner\" ><div class=\"swiper-slide-contents\"><\/div><\/div><\/div>\t\t\t\t<\/div>\n\t\t\t\t\t\t\t\t\t\t\t\t\t\t\t<div class=\"elementor-swiper-button elementor-swiper-button-prev\" role=\"button\" tabindex=\"0\" aria-label=\"Diapositive pr\u00e9c\u00e9dente\">\n\t\t\t\t\t\t\t<i aria-hidden=\"true\" class=\"eicon-chevron-left\"><\/i>\t\t\t\t\t\t<\/div>\n\t\t\t\t\t\t<div class=\"elementor-swiper-button elementor-swiper-button-next\" role=\"button\" tabindex=\"0\" aria-label=\"Diapositive suivante\">\n\t\t\t\t\t\t\t<i aria-hidden=\"true\" class=\"eicon-chevron-right\"><\/i>\t\t\t\t\t\t<\/div>\n\t\t\t\t\t\t\t\t\t\t\t\t\t\t\t\t<div class=\"swiper-pagination\"><\/div>\n\t\t\t\t\t\t\t\t\t\t\t\t<\/div>\n\t\t\t\t<\/div>\n\t\t\t\t\t\t\t\t<\/div>\n\t\t\t\t<\/div>\n\t\t\t\t<div class=\"elementor-element elementor-element-61877a5 elementor-widget elementor-widget-text-editor\" data-id=\"61877a5\" data-element_type=\"widget\" data-e-type=\"widget\" data-widget_type=\"text-editor.default\">\n\t\t\t\t<div class=\"elementor-widget-container\">\n\t\t\t\t\t\t\t\t\t<p>Nous avons eu l&rsquo;honneur d&rsquo;accueillir une importante d\u00e9l\u00e9gation au terminal conduite par le ministre des Infrastructures et de l&rsquo;Equipement, M. Hassan Houssein Ibrahim, et son homologue, M. Alemu Semie, ministre des Transports et de la Logistique de la R\u00e9publique f\u00e9d\u00e9rale d\u00e9mocratique d&rsquo;\u00c9thiopie. La d\u00e9l\u00e9gation \u00e9tait accompagn\u00e9e du pr\u00e9sident de la DPFZA, M. Aboubaker Omar Hadi, et de nombreux hauts responsables des deux pays. Notre \u00e9quipe de direction a pr\u00e9sent\u00e9 en d\u00e9tail nos infrastructures et les nombreux projets en cours dans le terminal pour r\u00e9pondre aux demandes croissantes de tous nos clients et notamment de notre partenaire majeur l&rsquo;\u00c9thiopie.<\/p>\n\t\t\t\t\t\t\t\t<\/div>\n\t\t\t\t<\/div>\n\t\t\t\t\t<\/div>\n\t\t<\/div>\n\t\t\t\t\t<\/div>\n\t\t<\/section>\n\t\t\t\t<\/div>\n\t\t","protected":false},"excerpt":{"rendered":"<p>Nous avons eu l&rsquo;honneur d&rsquo;accueillir une importante d\u00e9l\u00e9gation au terminal conduite par le ministre des Infrastructures et de l&rsquo;Equipement, M. Hassan Houssein Ibrahim, et son homologue, M. Alemu Semie, ministre des Transports et de la Logistique de la R\u00e9publique f\u00e9d\u00e9rale d\u00e9mocratique d&rsquo;\u00c9thiopie. La d\u00e9l\u00e9gation \u00e9tait accompagn\u00e9e du pr\u00e9sident de la DPFZA, M. Aboubaker Omar Hadi, et de nombreux hauts responsables des deux pays. Notre \u00e9quipe de direction a pr\u00e9sent\u00e9 en d\u00e9tail nos infrastructures et les nombreux projets en cours dans le terminal pour r\u00e9pondre aux demandes croissantes de tous nos clients et notamment de notre partenaire majeur l&rsquo;\u00c9thiopie.<\/p>\n","protected":false},"author":6,"featured_media":7064,"comment_status":"closed","ping_status":"closed","sticky":false,"template":"","format":"standard","meta":{"_uf_show_specific_survey":0,"_uf_disable_surveys":false,"footnotes":""},"categories":[1],"tags":[],"class_list":["post-7074","post","type-post","status-publish","format-standard","has-post-thumbnail","hentry","category-actualites"],"yoast_head":"<!-- This site is optimized with the Yoast SEO plugin v26.9 - https:\/\/yoast.com\/product\/yoast-seo-wordpress\/ -->\n<title>Visite du Ministre des Transports et de la Logistique de la R\u00e9publique F\u00e9d\u00e9rale D\u00e9mocratique d&#039;Ethiopie - SGTD<\/title>\n<meta name=\"robots\" content=\"index, follow, max-snippet:-1, max-image-preview:large, max-video-preview:-1\" \/>\n<link rel=\"canonical\" href=\"https:\/\/www.sgtd-terminal.com\/fr\/2023\/03\/13\/visite-du-ministre-des-transports-et-de-la-logistique-de-la-republique-federale-democratique-dethiopie\/\" \/>\n<meta property=\"og:locale\" content=\"fr_FR\" \/>\n<meta property=\"og:type\" content=\"article\" \/>\n<meta property=\"og:title\" content=\"Visite du Ministre des Transports et de la Logistique de la R\u00e9publique F\u00e9d\u00e9rale D\u00e9mocratique d&#039;Ethiopie - SGTD\" \/>\n<meta property=\"og:description\" content=\"Nous avons eu l&#039;honneur d&#039;accueillir une importante d\u00e9l\u00e9gation au terminal conduite par le ministre des Infrastructures et de l&#039;Equipement, M. Hassan Houssein Ibrahim, et son homologue, M. Alemu Semie, ministre des Transports et de la Logistique de la R\u00e9publique f\u00e9d\u00e9rale d\u00e9mocratique d&#039;\u00c9thiopie. La d\u00e9l\u00e9gation \u00e9tait accompagn\u00e9e du pr\u00e9sident de la DPFZA, M. Aboubaker Omar Hadi, et de nombreux hauts responsables des deux pays. Notre \u00e9quipe de direction a pr\u00e9sent\u00e9 en d\u00e9tail nos infrastructures et les nombreux projets en cours dans le terminal pour r\u00e9pondre aux demandes croissantes de tous nos clients et notamment de notre partenaire majeur l&#039;\u00c9thiopie.\" \/>\n<meta property=\"og:url\" content=\"https:\/\/www.sgtd-terminal.com\/fr\/2023\/03\/13\/visite-du-ministre-des-transports-et-de-la-logistique-de-la-republique-federale-democratique-dethiopie\/\" \/>\n<meta property=\"og:site_name\" content=\"SGTD\" \/>\n<meta property=\"article:published_time\" content=\"2023-03-13T09:24:13+00:00\" \/>\n<meta property=\"og:image\" content=\"https:\/\/www.sgtd-terminal.com\/wp-content\/uploads\/2023\/03\/WhatsApp-Image-2023-03-13-at-12.00.22.jpeg\" \/>\n\t<meta property=\"og:image:width\" content=\"1600\" \/>\n\t<meta property=\"og:image:height\" content=\"1066\" \/>\n\t<meta property=\"og:image:type\" content=\"image\/jpeg\" \/>\n<meta name=\"author\" content=\"Mohamed Houssein Ibrahim\" \/>\n<meta name=\"twitter:card\" content=\"summary_large_image\" \/>\n<meta name=\"twitter:label1\" content=\"\u00c9crit par\" \/>\n\t<meta name=\"twitter:data1\" content=\"Mohamed Houssein Ibrahim\" \/>\n\t<meta name=\"twitter:label2\" content=\"Dur\u00e9e de lecture estim\u00e9e\" \/>\n\t<meta name=\"twitter:data2\" content=\"1 minute\" \/>\n<script type=\"application\/ld+json\" class=\"yoast-schema-graph\">{\"@context\":\"https:\/\/schema.org\",\"@graph\":[{\"@type\":\"Article\",\"@id\":\"https:\/\/www.sgtd-terminal.com\/fr\/2023\/03\/13\/visite-du-ministre-des-transports-et-de-la-logistique-de-la-republique-federale-democratique-dethiopie\/#article\",\"isPartOf\":{\"@id\":\"https:\/\/www.sgtd-terminal.com\/fr\/2023\/03\/13\/visite-du-ministre-des-transports-et-de-la-logistique-de-la-republique-federale-democratique-dethiopie\/\"},\"author\":{\"name\":\"Mohamed Houssein Ibrahim\",\"@id\":\"https:\/\/www.sgtd-terminal.com\/fr\/#\/schema\/person\/91f6031ad894ead4c7230cf77acd3377\"},\"headline\":\"Visite du Ministre des Transports et de la Logistique de la R\u00e9publique F\u00e9d\u00e9rale D\u00e9mocratique d&rsquo;Ethiopie\",\"datePublished\":\"2023-03-13T09:24:13+00:00\",\"mainEntityOfPage\":{\"@id\":\"https:\/\/www.sgtd-terminal.com\/fr\/2023\/03\/13\/visite-du-ministre-des-transports-et-de-la-logistique-de-la-republique-federale-democratique-dethiopie\/\"},\"wordCount\":138,\"publisher\":{\"@id\":\"https:\/\/www.sgtd-terminal.com\/fr\/#organization\"},\"image\":{\"@id\":\"https:\/\/www.sgtd-terminal.com\/fr\/2023\/03\/13\/visite-du-ministre-des-transports-et-de-la-logistique-de-la-republique-federale-democratique-dethiopie\/#primaryimage\"},\"thumbnailUrl\":\"https:\/\/www.sgtd-terminal.com\/wp-content\/uploads\/2023\/03\/WhatsApp-Image-2023-03-13-at-12.00.22.jpeg\",\"articleSection\":[\"Actualit\u00e9s\"],\"inLanguage\":\"fr-FR\"},{\"@type\":\"WebPage\",\"@id\":\"https:\/\/www.sgtd-terminal.com\/fr\/2023\/03\/13\/visite-du-ministre-des-transports-et-de-la-logistique-de-la-republique-federale-democratique-dethiopie\/\",\"url\":\"https:\/\/www.sgtd-terminal.com\/fr\/2023\/03\/13\/visite-du-ministre-des-transports-et-de-la-logistique-de-la-republique-federale-democratique-dethiopie\/\",\"name\":\"Visite du Ministre des Transports et de la Logistique de la R\u00e9publique F\u00e9d\u00e9rale D\u00e9mocratique d'Ethiopie - SGTD\",\"isPartOf\":{\"@id\":\"https:\/\/www.sgtd-terminal.com\/fr\/#website\"},\"primaryImageOfPage\":{\"@id\":\"https:\/\/www.sgtd-terminal.com\/fr\/2023\/03\/13\/visite-du-ministre-des-transports-et-de-la-logistique-de-la-republique-federale-democratique-dethiopie\/#primaryimage\"},\"image\":{\"@id\":\"https:\/\/www.sgtd-terminal.com\/fr\/2023\/03\/13\/visite-du-ministre-des-transports-et-de-la-logistique-de-la-republique-federale-democratique-dethiopie\/#primaryimage\"},\"thumbnailUrl\":\"https:\/\/www.sgtd-terminal.com\/wp-content\/uploads\/2023\/03\/WhatsApp-Image-2023-03-13-at-12.00.22.jpeg\",\"datePublished\":\"2023-03-13T09:24:13+00:00\",\"inLanguage\":\"fr-FR\",\"potentialAction\":[{\"@type\":\"ReadAction\",\"target\":[\"https:\/\/www.sgtd-terminal.com\/fr\/2023\/03\/13\/visite-du-ministre-des-transports-et-de-la-logistique-de-la-republique-federale-democratique-dethiopie\/\"]}]},{\"@type\":\"ImageObject\",\"inLanguage\":\"fr-FR\",\"@id\":\"https:\/\/www.sgtd-terminal.com\/fr\/2023\/03\/13\/visite-du-ministre-des-transports-et-de-la-logistique-de-la-republique-federale-democratique-dethiopie\/#primaryimage\",\"url\":\"https:\/\/www.sgtd-terminal.com\/wp-content\/uploads\/2023\/03\/WhatsApp-Image-2023-03-13-at-12.00.22.jpeg\",\"contentUrl\":\"https:\/\/www.sgtd-terminal.com\/wp-content\/uploads\/2023\/03\/WhatsApp-Image-2023-03-13-at-12.00.22.jpeg\",\"width\":1600,\"height\":1066},{\"@type\":\"WebSite\",\"@id\":\"https:\/\/www.sgtd-terminal.com\/fr\/#website\",\"url\":\"https:\/\/www.sgtd-terminal.com\/fr\/\",\"name\":\"SGTD\",\"description\":\"Soci\u00e9t\u00e9 de Gestion du Terminal \u00e0 conteneurs de Doraleh\",\"publisher\":{\"@id\":\"https:\/\/www.sgtd-terminal.com\/fr\/#organization\"},\"potentialAction\":[{\"@type\":\"SearchAction\",\"target\":{\"@type\":\"EntryPoint\",\"urlTemplate\":\"https:\/\/www.sgtd-terminal.com\/fr\/?s={search_term_string}\"},\"query-input\":{\"@type\":\"PropertyValueSpecification\",\"valueRequired\":true,\"valueName\":\"search_term_string\"}}],\"inLanguage\":\"fr-FR\"},{\"@type\":\"Organization\",\"@id\":\"https:\/\/www.sgtd-terminal.com\/fr\/#organization\",\"name\":\"SGTD\",\"url\":\"https:\/\/www.sgtd-terminal.com\/fr\/\",\"logo\":{\"@type\":\"ImageObject\",\"inLanguage\":\"fr-FR\",\"@id\":\"https:\/\/www.sgtd-terminal.com\/fr\/#\/schema\/logo\/image\/\",\"url\":\"https:\/\/www.sgtd-terminal.com\/wp-content\/uploads\/2020\/12\/SGTD-logo-black.png\",\"contentUrl\":\"https:\/\/www.sgtd-terminal.com\/wp-content\/uploads\/2020\/12\/SGTD-logo-black.png\",\"width\":400,\"height\":180,\"caption\":\"SGTD\"},\"image\":{\"@id\":\"https:\/\/www.sgtd-terminal.com\/fr\/#\/schema\/logo\/image\/\"}},{\"@type\":\"Person\",\"@id\":\"https:\/\/www.sgtd-terminal.com\/fr\/#\/schema\/person\/91f6031ad894ead4c7230cf77acd3377\",\"name\":\"Mohamed Houssein Ibrahim\",\"image\":{\"@type\":\"ImageObject\",\"inLanguage\":\"fr-FR\",\"@id\":\"https:\/\/www.sgtd-terminal.com\/fr\/#\/schema\/person\/image\/\",\"url\":\"https:\/\/secure.gravatar.com\/avatar\/dddf68a894a9952400d57fa358c3cb7ad02d347daccc707c16a7f0cd6da29420?s=96&d=mm&r=g\",\"contentUrl\":\"https:\/\/secure.gravatar.com\/avatar\/dddf68a894a9952400d57fa358c3cb7ad02d347daccc707c16a7f0cd6da29420?s=96&d=mm&r=g\",\"caption\":\"Mohamed Houssein Ibrahim\"}}]}<\/script>\n<!-- \/ Yoast SEO plugin. -->","yoast_head_json":{"title":"Visite du Ministre des Transports et de la Logistique de la R\u00e9publique F\u00e9d\u00e9rale D\u00e9mocratique d'Ethiopie - SGTD","robots":{"index":"index","follow":"follow","max-snippet":"max-snippet:-1","max-image-preview":"max-image-preview:large","max-video-preview":"max-video-preview:-1"},"canonical":"https:\/\/www.sgtd-terminal.com\/fr\/2023\/03\/13\/visite-du-ministre-des-transports-et-de-la-logistique-de-la-republique-federale-democratique-dethiopie\/","og_locale":"fr_FR","og_type":"article","og_title":"Visite du Ministre des Transports et de la Logistique de la R\u00e9publique F\u00e9d\u00e9rale D\u00e9mocratique d'Ethiopie - SGTD","og_description":"Nous avons eu l'honneur d'accueillir une importante d\u00e9l\u00e9gation au terminal conduite par le ministre des Infrastructures et de l'Equipement, M. Hassan Houssein Ibrahim, et son homologue, M. Alemu Semie, ministre des Transports et de la Logistique de la R\u00e9publique f\u00e9d\u00e9rale d\u00e9mocratique d'\u00c9thiopie. La d\u00e9l\u00e9gation \u00e9tait accompagn\u00e9e du pr\u00e9sident de la DPFZA, M. Aboubaker Omar Hadi, et de nombreux hauts responsables des deux pays. Notre \u00e9quipe de direction a pr\u00e9sent\u00e9 en d\u00e9tail nos infrastructures et les nombreux projets en cours dans le terminal pour r\u00e9pondre aux demandes croissantes de tous nos clients et notamment de notre partenaire majeur l'\u00c9thiopie.","og_url":"https:\/\/www.sgtd-terminal.com\/fr\/2023\/03\/13\/visite-du-ministre-des-transports-et-de-la-logistique-de-la-republique-federale-democratique-dethiopie\/","og_site_name":"SGTD","article_published_time":"2023-03-13T09:24:13+00:00","og_image":[{"width":1600,"height":1066,"url":"https:\/\/www.sgtd-terminal.com\/wp-content\/uploads\/2023\/03\/WhatsApp-Image-2023-03-13-at-12.00.22.jpeg","type":"image\/jpeg"}],"author":"Mohamed Houssein Ibrahim","twitter_card":"summary_large_image","twitter_misc":{"\u00c9crit par":"Mohamed Houssein Ibrahim","Dur\u00e9e de lecture estim\u00e9e":"1 minute"},"schema":{"@context":"https:\/\/schema.org","@graph":[{"@type":"Article","@id":"https:\/\/www.sgtd-terminal.com\/fr\/2023\/03\/13\/visite-du-ministre-des-transports-et-de-la-logistique-de-la-republique-federale-democratique-dethiopie\/#article","isPartOf":{"@id":"https:\/\/www.sgtd-terminal.com\/fr\/2023\/03\/13\/visite-du-ministre-des-transports-et-de-la-logistique-de-la-republique-federale-democratique-dethiopie\/"},"author":{"name":"Mohamed Houssein Ibrahim","@id":"https:\/\/www.sgtd-terminal.com\/fr\/#\/schema\/person\/91f6031ad894ead4c7230cf77acd3377"},"headline":"Visite du Ministre des Transports et de la Logistique de la R\u00e9publique F\u00e9d\u00e9rale D\u00e9mocratique d&rsquo;Ethiopie","datePublished":"2023-03-13T09:24:13+00:00","mainEntityOfPage":{"@id":"https:\/\/www.sgtd-terminal.com\/fr\/2023\/03\/13\/visite-du-ministre-des-transports-et-de-la-logistique-de-la-republique-federale-democratique-dethiopie\/"},"wordCount":138,"publisher":{"@id":"https:\/\/www.sgtd-terminal.com\/fr\/#organization"},"image":{"@id":"https:\/\/www.sgtd-terminal.com\/fr\/2023\/03\/13\/visite-du-ministre-des-transports-et-de-la-logistique-de-la-republique-federale-democratique-dethiopie\/#primaryimage"},"thumbnailUrl":"https:\/\/www.sgtd-terminal.com\/wp-content\/uploads\/2023\/03\/WhatsApp-Image-2023-03-13-at-12.00.22.jpeg","articleSection":["Actualit\u00e9s"],"inLanguage":"fr-FR"},{"@type":"WebPage","@id":"https:\/\/www.sgtd-terminal.com\/fr\/2023\/03\/13\/visite-du-ministre-des-transports-et-de-la-logistique-de-la-republique-federale-democratique-dethiopie\/","url":"https:\/\/www.sgtd-terminal.com\/fr\/2023\/03\/13\/visite-du-ministre-des-transports-et-de-la-logistique-de-la-republique-federale-democratique-dethiopie\/","name":"Visite du Ministre des Transports et de la Logistique de la R\u00e9publique F\u00e9d\u00e9rale D\u00e9mocratique d'Ethiopie - SGTD","isPartOf":{"@id":"https:\/\/www.sgtd-terminal.com\/fr\/#website"},"primaryImageOfPage":{"@id":"https:\/\/www.sgtd-terminal.com\/fr\/2023\/03\/13\/visite-du-ministre-des-transports-et-de-la-logistique-de-la-republique-federale-democratique-dethiopie\/#primaryimage"},"image":{"@id":"https:\/\/www.sgtd-terminal.com\/fr\/2023\/03\/13\/visite-du-ministre-des-transports-et-de-la-logistique-de-la-republique-federale-democratique-dethiopie\/#primaryimage"},"thumbnailUrl":"https:\/\/www.sgtd-terminal.com\/wp-content\/uploads\/2023\/03\/WhatsApp-Image-2023-03-13-at-12.00.22.jpeg","datePublished":"2023-03-13T09:24:13+00:00","inLanguage":"fr-FR","potentialAction":[{"@type":"ReadAction","target":["https:\/\/www.sgtd-terminal.com\/fr\/2023\/03\/13\/visite-du-ministre-des-transports-et-de-la-logistique-de-la-republique-federale-democratique-dethiopie\/"]}]},{"@type":"ImageObject","inLanguage":"fr-FR","@id":"https:\/\/www.sgtd-terminal.com\/fr\/2023\/03\/13\/visite-du-ministre-des-transports-et-de-la-logistique-de-la-republique-federale-democratique-dethiopie\/#primaryimage","url":"https:\/\/www.sgtd-terminal.com\/wp-content\/uploads\/2023\/03\/WhatsApp-Image-2023-03-13-at-12.00.22.jpeg","contentUrl":"https:\/\/www.sgtd-terminal.com\/wp-content\/uploads\/2023\/03\/WhatsApp-Image-2023-03-13-at-12.00.22.jpeg","width":1600,"height":1066},{"@type":"WebSite","@id":"https:\/\/www.sgtd-terminal.com\/fr\/#website","url":"https:\/\/www.sgtd-terminal.com\/fr\/","name":"SGTD","description":"Soci\u00e9t\u00e9 de Gestion du Terminal \u00e0 conteneurs de Doraleh","publisher":{"@id":"https:\/\/www.sgtd-terminal.com\/fr\/#organization"},"potentialAction":[{"@type":"SearchAction","target":{"@type":"EntryPoint","urlTemplate":"https:\/\/www.sgtd-terminal.com\/fr\/?s={search_term_string}"},"query-input":{"@type":"PropertyValueSpecification","valueRequired":true,"valueName":"search_term_string"}}],"inLanguage":"fr-FR"},{"@type":"Organization","@id":"https:\/\/www.sgtd-terminal.com\/fr\/#organization","name":"SGTD","url":"https:\/\/www.sgtd-terminal.com\/fr\/","logo":{"@type":"ImageObject","inLanguage":"fr-FR","@id":"https:\/\/www.sgtd-terminal.com\/fr\/#\/schema\/logo\/image\/","url":"https:\/\/www.sgtd-terminal.com\/wp-content\/uploads\/2020\/12\/SGTD-logo-black.png","contentUrl":"https:\/\/www.sgtd-terminal.com\/wp-content\/uploads\/2020\/12\/SGTD-logo-black.png","width":400,"height":180,"caption":"SGTD"},"image":{"@id":"https:\/\/www.sgtd-terminal.com\/fr\/#\/schema\/logo\/image\/"}},{"@type":"Person","@id":"https:\/\/www.sgtd-terminal.com\/fr\/#\/schema\/person\/91f6031ad894ead4c7230cf77acd3377","name":"Mohamed Houssein Ibrahim","image":{"@type":"ImageObject","inLanguage":"fr-FR","@id":"https:\/\/www.sgtd-terminal.com\/fr\/#\/schema\/person\/image\/","url":"https:\/\/secure.gravatar.com\/avatar\/dddf68a894a9952400d57fa358c3cb7ad02d347daccc707c16a7f0cd6da29420?s=96&d=mm&r=g","contentUrl":"https:\/\/secure.gravatar.com\/avatar\/dddf68a894a9952400d57fa358c3cb7ad02d347daccc707c16a7f0cd6da29420?s=96&d=mm&r=g","caption":"Mohamed Houssein Ibrahim"}}]}},"_links":{"self":[{"href":"https:\/\/www.sgtd-terminal.com\/fr\/wp-json\/wp\/v2\/posts\/7074","targetHints":{"allow":["GET"]}}],"collection":[{"href":"https:\/\/www.sgtd-terminal.com\/fr\/wp-json\/wp\/v2\/posts"}],"about":[{"href":"https:\/\/www.sgtd-terminal.com\/fr\/wp-json\/wp\/v2\/types\/post"}],"author":[{"embeddable":true,"href":"https:\/\/www.sgtd-terminal.com\/fr\/wp-json\/wp\/v2\/users\/6"}],"replies":[{"embeddable":true,"href":"https:\/\/www.sgtd-terminal.com\/fr\/wp-json\/wp\/v2\/comments?post=7074"}],"version-history":[{"count":1,"href":"https:\/\/www.sgtd-terminal.com\/fr\/wp-json\/wp\/v2\/posts\/7074\/revisions"}],"predecessor-version":[{"id":7075,"href":"https:\/\/www.sgtd-terminal.com\/fr\/wp-json\/wp\/v2\/posts\/7074\/revisions\/7075"}],"wp:featuredmedia":[{"embeddable":true,"href":"https:\/\/www.sgtd-terminal.com\/fr\/wp-json\/wp\/v2\/media\/7064"}],"wp:attachment":[{"href":"https:\/\/www.sgtd-terminal.com\/fr\/wp-json\/wp\/v2\/media?parent=7074"}],"wp:term":[{"taxonomy":"category","embeddable":true,"href":"https:\/\/www.sgtd-terminal.com\/fr\/wp-json\/wp\/v2\/categories?post=7074"},{"taxonomy":"post_tag","embeddable":true,"href":"https:\/\/www.sgtd-terminal.com\/fr\/wp-json\/wp\/v2\/tags?post=7074"}],"curies":[{"name":"wp","href":"https:\/\/api.w.org\/{rel}","templated":true}]}}